[{"@context":"https:\/\/schema.org\/","@type":"Article","@id":"https:\/\/www.oazh.sk\/a-co-tie-bezne-veci\/#Article","mainEntityOfPage":"https:\/\/www.oazh.sk\/a-co-tie-bezne-veci\/","headline":"A \u010do tie be\u017en\u00e9 veci?","name":"A \u010do tie be\u017en\u00e9 veci?","description":"Ke\u010f si mysl\u00edte, \u017ee je pre v\u00e1s d\u00f4le\u017eit\u00e1 ka\u017ed\u00e1 drobnos\u0165, dajme tomu, \u017ee ide o v\u00e1\u0161 domov. Ak je pre v\u00e1s nie\u010do d\u00f4le\u017eit\u00e9, mus\u00edte sa &hellip; ","datePublished":"2018-04-23","dateModified":"2023-04-28","author":{"@type":"Person","@id":"https:\/\/www.oazh.sk\/author\/#Person","name":"","url":"https:\/\/www.oazh.sk\/author\/","identifier":1,"image":{"@type":"ImageObject","@id":"https:\/\/secure.gravatar.com\/avatar\/9514fe8d0d5bc6f8b5e285c47f6d71536ab35446ffb077fff11f6ca1fa8b00ce?s=96&d=mm&r=g","url":"https:\/\/secure.gravatar.com\/avatar\/9514fe8d0d5bc6f8b5e285c47f6d71536ab35446ffb077fff11f6ca1fa8b00ce?s=96&d=mm&r=g","height":96,"width":96}},"publisher":{"@type":"Organization","name":"oazh.sk","logo":{"@type":"ImageObject","@id":"\/logo.png","url":"\/logo.png","width":600,"height":60}},"image":{"@type":"ImageObject","@id":"https:\/\/www.oazh.sk\/wp-content\/uploads\/img_a287946_w16524_t1526463702.jpg","url":"https:\/\/www.oazh.sk\/wp-content\/uploads\/img_a287946_w16524_t1526463702.jpg","height":0,"width":0},"url":"https:\/\/www.oazh.sk\/a-co-tie-bezne-veci\/","about":["Deti"],"wordCount":439,"articleBody":"        Ke\u010f si mysl\u00edte, \u017ee je pre v\u00e1s d\u00f4le\u017eit\u00e1 ka\u017ed\u00e1 drobnos\u0165, dajme tomu, \u017ee ide o v\u00e1\u0161 domov. Ak je pre v\u00e1s nie\u010do d\u00f4le\u017eit\u00e9, mus\u00edte sa na to zamera\u0165. Je v\u0161ak zvl\u00e1\u0161tne, \u017ee v\u0161etci \u013eudia s\u00fa pre n\u00e1s ist\u00fdm sp\u00f4sobom zameran\u00ed na hl\u00faposti. Ale ke\u010f ide o teplo v\u00e1\u0161ho domova, nie je to ni\u010d nezvy\u010dajn\u00e9, nie je to ni\u010d, \u010do je pre v\u00e1s zvl\u00e1\u0161tne. Aj ke\u010f si mysl\u00edte, \u017ee teplo domova pre v\u00e1s nem\u00e1 pr\u00edli\u0161 ve\u013ek\u00fd v\u00fdznam, m\u00f4\u017eete si by\u0165 ist\u00fd, \u017ee ke\u010f sa nad t\u00fdm za\u010dnete zam\u00fd\u0161\u013ea\u0165, bude to pre v\u00e1s znamena\u0165 naozaj ve\u013emi ve\u013ea.Teplo domova je v\u0161ak nie\u010do, \u010d\u00edm by ste sa mali zaobera\u0165 osobitne. Aj ke\u010f sa to \u010dasto podce\u0148uje, je \u00faplne jasn\u00e9, \u017ee ak sa t\u00fdm zaobera\u0165 chcete, tak mus\u00edte za\u010da\u0165 hne\u010f teraz. Ak si mysl\u00edte, \u017ee teplo domova je len v\u00fdraz, ktor\u00fd nem\u00e1 \u017eiadnu podstatu, tak sa naozaj ve\u013emi m\u00fdlite. Mus\u00edte si ho v\u0161ak ur\u010dit\u00fdm sp\u00f4sobom zabezpe\u010di\u0165, preto\u017ee inak sa to jednoducho ned\u00e1. A aj ke\u010f si \u013eudia myslia, \u017ee teplo sa vyrie\u0161i iba k\u00faren\u00edm, asi v\u00e1m je jasn\u00e9, \u017ee m\u00f4\u017eete pou\u017ei\u0165 aj nie\u010do navy\u0161e. Nie\u010do be\u017en\u00e9, jednoducho nie\u010do, \u010do je va\u0161ou s\u00fa\u010das\u0165ou aj vtedy, ke\u010f si to pr\u00e1ve neuvedomujete.  Jednou z tak\u00fdchto vec\u00ed s\u00fa pr\u00e1ve hlinikov\u00e9 okn\u00e1. Uvedomili ste si niekedy, \u017ee to naozaj potrebujete? Uvedomili ste si niekedy, \u017ee pr\u00e1ve toto je nie\u010do, na \u010do by ste sa mali zamera\u0165? Je jasn\u00e9, \u017ee niekedy s\u00fa tie najbe\u017enej\u0161ie veci pr\u00e1ve tie, ktor\u00e9 n\u00e1m proste unikaj\u00fa. Ale teraz, ke\u010f u\u017e o tom viete, znamen\u00e1 to, \u017ee sa na to m\u00f4\u017eete zamera\u0165, \u017ee m\u00f4\u017eete na to upozorni\u0165 a \u017ee sa na to m\u00f4\u017eete pozrie\u0165 inak a stara\u0165 sa o to tak, \u017ee sa v\u00e1m to ani nebude zda\u0165. No napriek tomu je fajn, ke\u010f si uvedom\u00edte, \u017ee pr\u00e1ve v\u010faka nim teplo z v\u00e1\u0161ho domu neunik\u00e1 von a ani zima nevnik\u00e1 dnu. A to je nie\u010do, \u010do mus\u00edte oceni\u0165, no nie? Mus\u00edte sa na to predsa zamera\u0165 a je to to najlep\u0161ie, \u010do m\u00f4\u017eete urobi\u0165. Tak\u017ee \u010do teraz? Urob\u00edte nie\u010do aj pre svoju dom\u00e1cnos\u0165? Je to, koniec koncov, iba na v\u00e1s, no nie?                                                                                                                                                                                                                                                                                                                                                                                          4.6\/5 - (17 votes)        "},{"@context":"https:\/\/schema.org\/","@type":"BreadcrumbList","itemListElement":[{"@type":"ListItem","position":1,"name":"A \u010do tie be\u017en\u00e9 veci?","item":"https:\/\/www.oazh.sk\/a-co-tie-bezne-veci\/#breadcrumbitem"}]}]