[{"@context":"https:\/\/schema.org\/","@type":"Article","@id":"https:\/\/www.oazh.sk\/doplnky-su-aj-malickosti\/#Article","mainEntityOfPage":"https:\/\/www.oazh.sk\/doplnky-su-aj-malickosti\/","headline":"Doplnky s\u00fa aj mali\u010dkosti","name":"Doplnky s\u00fa aj mali\u010dkosti","description":"Oby\u010dajn\u00e9 mali\u010dkosti s\u00fa \u010dasto pokladan\u00e9 za \u00fapln\u00e9 samozrejmosti. Samozrejmos\u0165 je v\u0161etko, \u010do je vo va\u0161ej dom\u00e1cnosti. Taniere, r\u00f4zne pr\u00edpravky a taktie\u017e aj veci, ktor\u00e9 vid\u00edte &hellip; ","datePublished":"2017-12-09","dateModified":"2023-04-28","author":{"@type":"Person","@id":"https:\/\/www.oazh.sk\/author\/#Person","name":"","url":"https:\/\/www.oazh.sk\/author\/","identifier":1,"image":{"@type":"ImageObject","@id":"https:\/\/secure.gravatar.com\/avatar\/9514fe8d0d5bc6f8b5e285c47f6d71536ab35446ffb077fff11f6ca1fa8b00ce?s=96&d=mm&r=g","url":"https:\/\/secure.gravatar.com\/avatar\/9514fe8d0d5bc6f8b5e285c47f6d71536ab35446ffb077fff11f6ca1fa8b00ce?s=96&d=mm&r=g","height":96,"width":96}},"publisher":{"@type":"Organization","name":"oazh.sk","logo":{"@type":"ImageObject","@id":"\/logo.png","url":"\/logo.png","width":600,"height":60}},"image":{"@type":"ImageObject","@id":"https:\/\/www.oazh.sk\/wp-content\/uploads\/img_a284455_w16524_t1516279628.jpg","url":"https:\/\/www.oazh.sk\/wp-content\/uploads\/img_a284455_w16524_t1516279628.jpg","height":0,"width":0},"url":"https:\/\/www.oazh.sk\/doplnky-su-aj-malickosti\/","about":["Deti"],"wordCount":403,"articleBody":"        Oby\u010dajn\u00e9 mali\u010dkosti s\u00fa \u010dasto pokladan\u00e9 za \u00fapln\u00e9 samozrejmosti. Samozrejmos\u0165 je v\u0161etko, \u010do je vo va\u0161ej dom\u00e1cnosti. Taniere, r\u00f4zne pr\u00edpravky a taktie\u017e aj veci, ktor\u00e9 vid\u00edte \u00faplne be\u017ene. Ak si teda mysl\u00edte, \u017ee m\u00f4\u017eete v\u0161etko podce\u0148ova\u0165, tak sa ve\u013emi m\u00fdlite. Ale m\u00fdli\u0165 sa je \u013eudsk\u00e9, preto m\u00f4\u017eete toto v\u0161etko zobra\u0165 sp\u00e4\u0165, ke\u010f za\u010dnete oce\u0148ova\u0165 v\u0161etko, \u010do vo va\u0161ej dom\u00e1cnosti s\u00fa. Ak v\u00e1m m\u00f4\u017eeme da\u0165 pr\u00edklad, tak sta\u010d\u00ed u\u017e len, ke\u010f si zoberiete na mu\u0161ku oby\u010dajn\u00e9 zabradlie na balkon. Kedy ste sa skuto\u010dne zamysleli nad ich v\u00fdznamom?Je to nie\u010do, \u010do v ka\u017edom dome mus\u00ed by\u0165, teda hlavne v takom, ktor\u00e9 m\u00e1 viac poschod\u00ed ako len jedno. Ale nie je to oby\u010dajn\u00fd doplnok do va\u0161ej bezpe\u010dnosti. Bezpe\u010dnos\u0165 je skuto\u010dne ve\u013emi d\u00f4le\u017eit\u00e1, preto\u017ee len v\u010faka nej si m\u00f4\u017eete by\u0165 ist\u00fd, \u017ee va\u0161e deti nespadn\u00fa a ni\u010d v\u00e1\u017ene sa im nestane. No okrem toho je to aj ve\u013emi d\u00f4le\u017eit\u00fd doplnok celej dom\u00e1cnosti. Doplnky nie s\u00fa predsa len o so\u0161k\u00e1ch alebo o fotografi\u00e1ch \u010di obrazoch na stene. Vedia by\u0165 aj o tak\u00fdchto drobnostiach, ktor\u00e9 dotv\u00e1raj\u00fa cel\u00fd v\u00e1\u0161 priestor \u00faplne do dokonalosti. M\u00f4\u017eete mu k tomu pom\u00f4c\u0165 aj vy.Ak ste \u0161ikovn\u00fd, verte tomu, \u017ee sa v\u00e1m v\u0161etko podar\u00ed. Ale ako vlastne urobi\u0165 z takejto drobnosti perfektn\u00fd doplnok? V prvom rade si mus\u00edte zvoli\u0165 materi\u00e1l, ktor\u00fd bude pre v\u00e1s ako stvoren\u00fd. Uvid\u00edte, \u017ee pr\u00e1ve materi\u00e1ly s\u00fa to, na \u010dom vo va\u0161ej dom\u00e1cnosti skuto\u010dne z\u00e1le\u017e\u00ed. Ale okrem toho na\u0148 m\u00f4\u017eete \u010doko\u013evek zavesi\u0165. Zoberte si napr\u00edklad \u010das, ke\u010f sa bl\u00ed\u017eia Vianoce. Kde inde si m\u00f4\u017eete zavesi\u0165 r\u00f4zne girlandy a r\u00f4zne in\u00e9 veci, ktor\u00e9 dotv\u00e1raj\u00fa celkov\u00fa atmosf\u00e9ru domova a mo\u017eno aj Vianoc? Vianoce s\u00fa ve\u013emi d\u00f4le\u017eit\u00e9 hlavne pre va\u0161e deti a ke\u010f zaves\u00edte ozd\u00f4bky kdeko\u013evek, kde sa v\u00e1m bude p\u00e1\u010di\u0165, m\u00f4\u017eete si by\u0165 ist\u00fd, \u017ee im navod\u00edte perfektn\u00fa n\u00e1ladu u\u017e predt\u00fdm, ne\u017e sa Vianoce v\u00f4bec za\u010dn\u00fa. Ale ke\u010f za\u010dn\u00fa. pokojne tam umiestnite aj svetielka, ktor\u00e9 blikaj\u00fa.                                                                                                                                                                                                                                                                                                                                                                                          4.1\/5 - (14 votes)        "},{"@context":"https:\/\/schema.org\/","@type":"BreadcrumbList","itemListElement":[{"@type":"ListItem","position":1,"name":"Doplnky s\u00fa aj mali\u010dkosti","item":"https:\/\/www.oazh.sk\/doplnky-su-aj-malickosti\/#breadcrumbitem"}]}]